{"id":662,"date":"2025-07-04T11:07:56","date_gmt":"2025-07-04T09:07:56","guid":{"rendered":"https:\/\/www.asociacioncardijn.org\/web\/?p=662"},"modified":"2025-07-04T11:07:57","modified_gmt":"2025-07-04T09:07:57","slug":"personal-de-mantenimiento","status":"publish","type":"post","link":"https:\/\/www.asociacioncardijn.org\/web\/2025\/07\/04\/personal-de-mantenimiento\/","title":{"rendered":"PERSONAL DE MANTENIMIENTO"},"content":{"rendered":"\n<div class=\"wp-block-columns is-layout-flex wp-container-core-columns-is-layout-28f84493 wp-block-columns-is-layout-flex\">\n<div class=\"wp-block-column is-layout-flow wp-block-column-is-layout-flow\" style=\"flex-basis:33.33%\">\n<figure class=\"wp-block-image size-full\"><img decoding=\"async\" width=\"255\" height=\"83\" src=\"https:\/\/www.asociacioncardijn.org\/web\/wp-content\/uploads\/2025\/04\/cropped-Logo-Cardijn-Fond-Transp-1.png\" alt=\"\" class=\"wp-image-341\" \/><\/figure>\n<\/div>\n\n\n\n<div class=\"wp-block-column is-layout-flow wp-block-column-is-layout-flow\" style=\"flex-basis:66.66%\">\n<h2 class=\"wp-block-heading alignfull has-text-align-center\"><\/h2>\n<\/div>\n<\/div>\n\n\n\n<p class=\"has-white-color has-text-color has-background has-link-color has-medium-font-size wp-elements-f8a5cbdbdb0a72286523b1f6d9d8e0c3\" style=\"background-color:#2426eb\">DATOS DE LA OFERTA<\/p>\n\n\n\n<p class=\"has-medium-font-size\"><strong>Empresa:<\/strong> <a href=\"https:\/\/closerlogistics.ofertas-trabajo.infojobs.net\/\"> <\/a><a href=\"https:\/\/temporal.ofertas-trabajo.infojobs.net\/\"><a href=\"https:\/\/www.infojobs.net\/dominek-instalaciones-sl\/em-i98555053545855681111090022113691312718\">Dominek Instalaciones SL<\/a><\/a><\/p>\n\n\n\n<p class=\"has-medium-font-size\"><strong>Descripci\u00f3n: <\/strong>Las labores propias del puesto.<\/p>\n\n\n\n<p class=\"has-medium-font-size\"><strong>Poblaci\u00f3n:<\/strong> C\u00e1diz <\/p>\n\n\n\n<p class=\"has-medium-font-size\"><strong>Fecha:<\/strong> 04\/07\/2025<\/p>\n\n\n\n<p class=\"has-white-color has-text-color has-background has-link-color has-medium-font-size wp-elements-04c6ae66f76422b4fb78296dad3243e4\" style=\"background-color:#2426eb\">\u00bfQU\u00c9 PIDEN?<\/p>\n\n\n\n<p><strong>Estudios:<\/strong> Ciclo Formativo Grado Medio<\/p>\n\n\n\n<p><strong>Experiencia:<\/strong> Al menos de 1 a\u00f1o.<\/p>\n\n\n\n<p><strong>Otros:<\/strong> <\/p>\n\n\n\n<p class=\"has-white-color has-text-color has-background has-link-color has-medium-font-size wp-elements-c7074c96a434096bb075ea2caf95e08d\" style=\"background-color:#2426eb\">\u00bfQU\u00c9 OFRECEN?<\/p>\n\n\n\n<p><strong>Tipo de <\/strong>Contrato Contrato de duraci\u00f3n determinada, jornada completa<\/p>\n\n\n\n<p><strong>Salario:<\/strong> 20.000\u20ac &#8211; 22.000\u20ac Bruto\/a\u00f1o<\/p>\n\n\n\n<p><strong>Otros<\/strong> <\/p>\n\n\n\n<p class=\"has-white-color has-text-color has-background has-link-color wp-elements-8ff64fab5be9f9d804b6ffcb44b8ea26\" style=\"background-color:#2426eb\">M\u00c1S INFORMACI\u00d3N<\/p>\n\n\n\n<div class=\"wp-block-buttons is-content-justification-center is-layout-flex wp-container-core-buttons-is-layout-a89b3969 wp-block-buttons-is-layout-flex\">\n<div class=\"wp-block-button\"><a class=\"wp-block-button__link wp-element-button\" href=\"https:\/\/www.infojobs.net\/cadiz\/personal-mantenimiento\/of-i12f5499efa4c05a6e371718189ff81?applicationOrigin=search-new&amp;page=1&amp;sortBy=PUBLICATION_DATE\">Oferta original<\/a><\/div>\n<\/div>\n\n\n\n<p><\/p>\n\n\n\n<p><\/p>\n","protected":false},"excerpt":{"rendered":"<p>DATOS DE LA OFERTA Empresa: Dominek Instalaciones SL Descripci\u00f3n: Las labores propias del puesto. Poblaci\u00f3n: C\u00e1diz Fecha: 04\/07\/2025 \u00bfQU\u00c9 PIDEN? Estudios: Ciclo Formativo Grado Medio Experiencia: Al menos de 1 a\u00f1o. Otros: \u00bfQU\u00c9 OFRECEN? Tipo de Contrato Contrato de duraci\u00f3n determinada, jornada completa Salario: 20.000\u20ac &#8211; 22.000\u20ac Bruto\/a\u00f1o Otros M\u00c1S INFORMACI\u00d3N<\/p>\n","protected":false},"author":5,"featured_media":616,"comment_status":"closed","ping_status":"closed","sticky":false,"template":"","format":"standard","meta":{"om_disable_all_campaigns":false,"_monsterinsights_skip_tracking":false,"_monsterinsights_sitenote_active":false,"_monsterinsights_sitenote_note":"","_monsterinsights_sitenote_category":0,"_uf_show_specific_survey":0,"_uf_disable_surveys":false,"cybocfi_hide_featured_image":"","footnotes":""},"categories":[5],"tags":[30,29],"class_list":["post-662","post","type-post","status-publish","format-standard","has-post-thumbnail","hentry","category-cibertablon","tag-cibertablon","tag-oferta-empleo"],"aioseo_notices":[],"_links":{"self":[{"href":"https:\/\/www.asociacioncardijn.org\/web\/wp-json\/wp\/v2\/posts\/662","targetHints":{"allow":["GET"]}}],"collection":[{"href":"https:\/\/www.asociacioncardijn.org\/web\/wp-json\/wp\/v2\/posts"}],"about":[{"href":"https:\/\/www.asociacioncardijn.org\/web\/wp-json\/wp\/v2\/types\/post"}],"author":[{"embeddable":true,"href":"https:\/\/www.asociacioncardijn.org\/web\/wp-json\/wp\/v2\/users\/5"}],"replies":[{"embeddable":true,"href":"https:\/\/www.asociacioncardijn.org\/web\/wp-json\/wp\/v2\/comments?post=662"}],"version-history":[{"count":1,"href":"https:\/\/www.asociacioncardijn.org\/web\/wp-json\/wp\/v2\/posts\/662\/revisions"}],"predecessor-version":[{"id":663,"href":"https:\/\/www.asociacioncardijn.org\/web\/wp-json\/wp\/v2\/posts\/662\/revisions\/663"}],"wp:featuredmedia":[{"embeddable":true,"href":"https:\/\/www.asociacioncardijn.org\/web\/wp-json\/wp\/v2\/media\/616"}],"wp:attachment":[{"href":"https:\/\/www.asociacioncardijn.org\/web\/wp-json\/wp\/v2\/media?parent=662"}],"wp:term":[{"taxonomy":"category","embeddable":true,"href":"https:\/\/www.asociacioncardijn.org\/web\/wp-json\/wp\/v2\/categories?post=662"},{"taxonomy":"post_tag","embeddable":true,"href":"https:\/\/www.asociacioncardijn.org\/web\/wp-json\/wp\/v2\/tags?post=662"}],"curies":[{"name":"wp","href":"https:\/\/api.w.org\/{rel}","templated":true}]}}