{"id":632,"date":"2025-06-27T12:19:31","date_gmt":"2025-06-27T10:19:31","guid":{"rendered":"https:\/\/www.asociacioncardijn.org\/web\/?p=632"},"modified":"2025-06-27T12:19:32","modified_gmt":"2025-06-27T10:19:32","slug":"dependiente-a","status":"publish","type":"post","link":"https:\/\/www.asociacioncardijn.org\/web\/2025\/06\/27\/dependiente-a\/","title":{"rendered":"DEPENDIENTE\/A"},"content":{"rendered":"\n<div class=\"wp-block-columns is-layout-flex wp-container-core-columns-is-layout-28f84493 wp-block-columns-is-layout-flex\">\n<div class=\"wp-block-column is-layout-flow wp-block-column-is-layout-flow\" style=\"flex-basis:33.33%\">\n<figure class=\"wp-block-image size-full\"><img decoding=\"async\" width=\"255\" height=\"83\" src=\"https:\/\/www.asociacioncardijn.org\/web\/wp-content\/uploads\/2025\/04\/cropped-Logo-Cardijn-Fond-Transp-1.png\" alt=\"\" class=\"wp-image-341\" \/><\/figure>\n<\/div>\n\n\n\n<div class=\"wp-block-column is-layout-flow wp-block-column-is-layout-flow\" style=\"flex-basis:66.66%\">\n<h2 class=\"wp-block-heading alignfull has-text-align-center\"><\/h2>\n<\/div>\n<\/div>\n\n\n\n<p class=\"has-white-color has-text-color has-background has-link-color has-medium-font-size wp-elements-f8a5cbdbdb0a72286523b1f6d9d8e0c3\" style=\"background-color:#2426eb\">DATOS DE LA OFERTA<\/p>\n\n\n\n<p class=\"has-medium-font-size\"><strong>Empresa:<\/strong> Ofertas de Empleo SAE<\/p>\n\n\n\n<p class=\"has-medium-font-size\"><strong>Descripci\u00f3n: <\/strong>Atenci\u00f3n al cliente, venta directa, seguimiento de presupuestos, asesoramiento en la selecci\u00f3n de muebles, colores, acabados, implantaci\u00f3n de nuevas tendencias y campa\u00f1as, recepci\u00f3n de mercanc\u00eda, organizaci\u00f3n de almac\u00e9n y cuidado de tienda.<\/p>\n\n\n\n<p class=\"has-medium-font-size\"><strong>Poblaci\u00f3n:<\/strong> Chiclana de la Frontera  (C\u00e1diz) <\/p>\n\n\n\n<p class=\"has-medium-font-size\"><strong>Fecha:<\/strong> 27\/06\/2025<\/p>\n\n\n\n<p class=\"has-white-color has-text-color has-background has-link-color has-medium-font-size wp-elements-04c6ae66f76422b4fb78296dad3243e4\" style=\"background-color:#2426eb\">\u00bfQU\u00c9 PIDEN?<\/p>\n\n\n\n<p><strong>Estudios:<\/strong> F.P. Grado Medio <\/p>\n\n\n\n<p><strong>Experiencia:<\/strong> Al menos de 3 a\u00f1os <\/p>\n\n\n\n<p><strong>Otros:<\/strong><\/p>\n\n\n\n<p class=\"has-white-color has-text-color has-background has-link-color has-medium-font-size wp-elements-c7074c96a434096bb075ea2caf95e08d\" style=\"background-color:#2426eb\">\u00bfQU\u00c9 OFRECEN?<\/p>\n\n\n\n<p><strong>Tipo de Contrato:<\/strong> Laboral indefinido  jornada Parcial <\/p>\n\n\n\n<p><strong>Salario:<\/strong> desde 1200 euros\/mes <\/p>\n\n\n\n<p><strong>Otros<\/strong><\/p>\n\n\n\n<p class=\"has-white-color has-text-color has-background has-link-color wp-elements-8ff64fab5be9f9d804b6ffcb44b8ea26\" style=\"background-color:#2426eb\">M\u00c1S INFORMACI\u00d3N<\/p>\n\n\n\n<div class=\"wp-block-buttons is-content-justification-center is-layout-flex wp-container-core-buttons-is-layout-a89b3969 wp-block-buttons-is-layout-flex\">\n<div class=\"wp-block-button\"><a class=\"wp-block-button__link wp-element-button\" href=\"https:\/\/ws054.juntadeandalucia.es\/eureka2\/eureka-demandantes\/detalleOferta.do?ofertaId=934367&amp;tipoOferta=01&amp;tab=caracteristicas&amp;listado=&amp;origen=\">Oferta original<\/a><\/div>\n<\/div>\n\n\n\n<p><\/p>\n\n\n\n<p><\/p>\n","protected":false},"excerpt":{"rendered":"<p>DATOS DE LA OFERTA Empresa: Ofertas de Empleo SAE Descripci\u00f3n: Atenci\u00f3n al cliente, venta directa, seguimiento de presupuestos, asesoramiento en la selecci\u00f3n de muebles, colores, acabados, implantaci\u00f3n de nuevas tendencias y campa\u00f1as, recepci\u00f3n de mercanc\u00eda, organizaci\u00f3n de almac\u00e9n y cuidado de tienda. Poblaci\u00f3n: Chiclana de la Frontera (C\u00e1diz) Fecha: 27\/06\/2025 \u00bfQU\u00c9 PIDEN? Estudios: F.P. Grado<\/p>\n","protected":false},"author":5,"featured_media":600,"comment_status":"closed","ping_status":"closed","sticky":false,"template":"","format":"standard","meta":{"om_disable_all_campaigns":false,"_monsterinsights_skip_tracking":false,"_monsterinsights_sitenote_active":false,"_monsterinsights_sitenote_note":"","_monsterinsights_sitenote_category":0,"_uf_show_specific_survey":0,"_uf_disable_surveys":false,"cybocfi_hide_featured_image":"","footnotes":""},"categories":[5],"tags":[34,29],"class_list":["post-632","post","type-post","status-publish","format-standard","has-post-thumbnail","hentry","category-cibertablon","tag-cibertablon-2","tag-oferta-empleo"],"aioseo_notices":[],"_links":{"self":[{"href":"https:\/\/www.asociacioncardijn.org\/web\/wp-json\/wp\/v2\/posts\/632","targetHints":{"allow":["GET"]}}],"collection":[{"href":"https:\/\/www.asociacioncardijn.org\/web\/wp-json\/wp\/v2\/posts"}],"about":[{"href":"https:\/\/www.asociacioncardijn.org\/web\/wp-json\/wp\/v2\/types\/post"}],"author":[{"embeddable":true,"href":"https:\/\/www.asociacioncardijn.org\/web\/wp-json\/wp\/v2\/users\/5"}],"replies":[{"embeddable":true,"href":"https:\/\/www.asociacioncardijn.org\/web\/wp-json\/wp\/v2\/comments?post=632"}],"version-history":[{"count":1,"href":"https:\/\/www.asociacioncardijn.org\/web\/wp-json\/wp\/v2\/posts\/632\/revisions"}],"predecessor-version":[{"id":633,"href":"https:\/\/www.asociacioncardijn.org\/web\/wp-json\/wp\/v2\/posts\/632\/revisions\/633"}],"wp:featuredmedia":[{"embeddable":true,"href":"https:\/\/www.asociacioncardijn.org\/web\/wp-json\/wp\/v2\/media\/600"}],"wp:attachment":[{"href":"https:\/\/www.asociacioncardijn.org\/web\/wp-json\/wp\/v2\/media?parent=632"}],"wp:term":[{"taxonomy":"category","embeddable":true,"href":"https:\/\/www.asociacioncardijn.org\/web\/wp-json\/wp\/v2\/categories?post=632"},{"taxonomy":"post_tag","embeddable":true,"href":"https:\/\/www.asociacioncardijn.org\/web\/wp-json\/wp\/v2\/tags?post=632"}],"curies":[{"name":"wp","href":"https:\/\/api.w.org\/{rel}","templated":true}]}}